{"id":700,"date":"2014-12-14T15:09:36","date_gmt":"2014-12-14T15:09:36","guid":{"rendered":"http:\/\/www.colaistedaibheid.ie\/?p=700"},"modified":"2015-01-07T15:16:59","modified_gmt":"2015-01-07T15:16:59","slug":"daltai-ar-an-tra","status":"publish","type":"post","link":"https:\/\/www.colaistedaibheid.ie\/wp_cd_2020\/daltai-ar-an-tra\/","title":{"rendered":"Dalta\u00ed ar an Tr\u00e1!"},"content":{"rendered":"<p>Chuaigh Rang T\u00edreola\u00edochta Bhliain 5\/6 go dt\u00ed Tr\u00e1 Inse Duine i gCloich na Coillte ar an 11\u00fa Nollaig 2014 chun staid\u00e9ar a dheineamh ar chreimeadh agus sil-leagan na farraige.\u00a0 Dhein na dalta\u00ed obair ar an ard\u00e1n tonnghearrtha agus ar strucht\u00far na pluaise sular chuaigh ceathrar cr\u00f3ga isteach san uisce chun cabhr\u00fa le staid\u00e9ar na dtonnta!\u00a0 Bh\u00ed l\u00f3n againn sa phluais sular thugamair \u00e1r gcuid airde ar f\u00e1na na tr\u00e1 a dheimhni\u00fa.\u00a0 Bh\u00ed sconna\u00ed agus tae n\u00f3 caife curtha ar f\u00e1il d\u00fainn in \u00d3st\u00e1n Inse Duine ina dhiaidh&#8230;nach aoibhinn beatha an scol\u00e1ire?!<\/p>\n<p>5th and 6th Year Geography Classes went to Inchydoney Beach in Clonakilty on December 11th 2014 to study coastal erosion and depostiion.\u00a0 The students worked on the wave-cut platform and o the structure of the cave before four brave souls went into the water to help study the waves!\u00a0 We had lunch in the cave before going to study the slope of the beach.\u00a0 Scones and tea or coffee were provided afterwards in Inchydoney Lodge and Spa&#8230;isn&#8217;t student life great?!<\/p>\n<p>&nbsp;<\/p>\n<figure id=\"attachment_695\" aria-describedby=\"caption-attachment-695\" style=\"width: 800px\" class=\"wp-caption alignnone\"><a href=\"http:\/\/www.colaistedaibheid.ie\/wp_cd_2020\/wp-content\/uploads\/Inse-Duine-2014-1-1.jpg\"><img fetchpriority=\"high\" decoding=\"async\" class=\"wp-image-695 size-medium\" src=\"http:\/\/www.colaistedaibheid.ie\/wp_cd_2020\/wp-content\/uploads\/Inse-Duine-2014-1-1-800x600.jpg\" alt=\"Ard\u00e1n Tonnghearrtha \/ Wave-cut Platform\" width=\"800\" height=\"600\" data-id=\"695\" srcset=\"https:\/\/www.colaistedaibheid.ie\/wp_cd_2020\/wp-content\/uploads\/Inse-Duine-2014-1-1-800x600.jpg 800w, https:\/\/www.colaistedaibheid.ie\/wp_cd_2020\/wp-content\/uploads\/Inse-Duine-2014-1-1-1200x900.jpg 1200w\" sizes=\"(max-width: 800px) 100vw, 800px\" \/><\/a><figcaption id=\"caption-attachment-695\" class=\"wp-caption-text\">Ard\u00e1n Tonnghearrtha \/ Wave-cut Platform<\/figcaption><\/figure>\n<figure id=\"attachment_699\" aria-describedby=\"caption-attachment-699\" style=\"width: 800px\" class=\"wp-caption alignnone\"><a href=\"http:\/\/www.colaistedaibheid.ie\/wp_cd_2020\/wp-content\/uploads\/Inse-Duine-2014-1-2.jpg\"><img decoding=\"async\" class=\"wp-image-699 size-medium\" src=\"http:\/\/www.colaistedaibheid.ie\/wp_cd_2020\/wp-content\/uploads\/Inse-Duine-2014-1-2-800x600.jpg\" alt=\"Ag obair sa Phluais \/ Working in the Cave\" width=\"800\" height=\"600\" data-id=\"699\" srcset=\"https:\/\/www.colaistedaibheid.ie\/wp_cd_2020\/wp-content\/uploads\/Inse-Duine-2014-1-2-800x600.jpg 800w, https:\/\/www.colaistedaibheid.ie\/wp_cd_2020\/wp-content\/uploads\/Inse-Duine-2014-1-2-1200x900.jpg 1200w\" sizes=\"(max-width: 800px) 100vw, 800px\" \/><\/a><figcaption id=\"caption-attachment-699\" class=\"wp-caption-text\">Ag obair sa Phluais \/ Working in the Cave<\/figcaption><\/figure>\n<figure id=\"attachment_698\" aria-describedby=\"caption-attachment-698\" style=\"width: 800px\" class=\"wp-caption alignnone\"><a href=\"http:\/\/www.colaistedaibheid.ie\/wp_cd_2020\/wp-content\/uploads\/Inse-Duine-2014-1.jpg\"><img decoding=\"async\" class=\"size-medium wp-image-698\" src=\"http:\/\/www.colaistedaibheid.ie\/wp_cd_2020\/wp-content\/uploads\/Inse-Duine-2014-1-800x600.jpg\" alt=\"L\u00f3n sa Phluais \/ Lunch in the Cave\" width=\"800\" height=\"600\" data-id=\"698\" srcset=\"https:\/\/www.colaistedaibheid.ie\/wp_cd_2020\/wp-content\/uploads\/Inse-Duine-2014-1-800x600.jpg 800w, https:\/\/www.colaistedaibheid.ie\/wp_cd_2020\/wp-content\/uploads\/Inse-Duine-2014-1-1200x900.jpg 1200w\" sizes=\"(max-width: 800px) 100vw, 800px\" \/><\/a><figcaption id=\"caption-attachment-698\" class=\"wp-caption-text\">L\u00f3n sa Phluais \/ Lunch in the Cave<\/figcaption><\/figure>\n<figure id=\"attachment_697\" aria-describedby=\"caption-attachment-697\" style=\"width: 800px\" class=\"wp-caption alignnone\"><a href=\"http:\/\/www.colaistedaibheid.ie\/wp_cd_2020\/wp-content\/uploads\/Inse-Duine-2014-1-4.jpg\"><img loading=\"lazy\" decoding=\"async\" class=\"size-medium wp-image-697\" src=\"http:\/\/www.colaistedaibheid.ie\/wp_cd_2020\/wp-content\/uploads\/Inse-Duine-2014-1-4-800x600.jpg\" alt=\"Pr\u00f3if\u00edl Tr\u00e1 \/ Beach Profile\" width=\"800\" height=\"600\" data-id=\"697\" srcset=\"https:\/\/www.colaistedaibheid.ie\/wp_cd_2020\/wp-content\/uploads\/Inse-Duine-2014-1-4-800x600.jpg 800w, https:\/\/www.colaistedaibheid.ie\/wp_cd_2020\/wp-content\/uploads\/Inse-Duine-2014-1-4-1200x900.jpg 1200w\" sizes=\"(max-width: 800px) 100vw, 800px\" \/><\/a><figcaption id=\"caption-attachment-697\" class=\"wp-caption-text\">Pr\u00f3if\u00edl Tr\u00e1 \/ Beach Profile<\/figcaption><\/figure>\n<figure id=\"attachment_704\" aria-describedby=\"caption-attachment-704\" style=\"width: 552px\" class=\"wp-caption alignnone\"><a href=\"http:\/\/www.colaistedaibheid.ie\/wp_cd_2020\/wp-content\/uploads\/Inse-Duine-Tae.jpg\"><img loading=\"lazy\" decoding=\"async\" class=\"size-medium wp-image-704\" src=\"http:\/\/www.colaistedaibheid.ie\/wp_cd_2020\/wp-content\/uploads\/Inse-Duine-Tae-552x700.jpg\" alt=\"Sconna\u00ed san \u00d3st\u00e1n \/ Scones in the Hotel!\" width=\"552\" height=\"700\" data-id=\"704\" srcset=\"https:\/\/www.colaistedaibheid.ie\/wp_cd_2020\/wp-content\/uploads\/Inse-Duine-Tae-552x700.jpg 552w, https:\/\/www.colaistedaibheid.ie\/wp_cd_2020\/wp-content\/uploads\/Inse-Duine-Tae-947x1200.jpg 947w, https:\/\/www.colaistedaibheid.ie\/wp_cd_2020\/wp-content\/uploads\/Inse-Duine-Tae.jpg 1936w\" sizes=\"(max-width: 552px) 100vw, 552px\" \/><\/a><figcaption id=\"caption-attachment-704\" class=\"wp-caption-text\">Sconna\u00ed san \u00d3st\u00e1n \/ Scones in the Hotel!<\/figcaption><\/figure>\n","protected":false},"excerpt":{"rendered":"<p>Chuaigh Rang T\u00edreola\u00edochta Bhliain 5\/6 go dt\u00ed Tr\u00e1 Inse Duine i gCloich na Coillte ar an 11\u00fa Nollaig 2014 chun staid\u00e9ar a dheineamh ar chreimeadh agus sil-leagan na farraige.\u00a0 Dhein na dalta\u00ed obair ar an ard\u00e1n tonnghearrtha agus ar strucht\u00far na pluaise sular chuaigh ceathrar cr\u00f3ga isteach san uisce chun cabhr\u00fa le staid\u00e9ar na dtonnta!\u00a0 [&hellip;]<\/p>\n","protected":false},"author":1,"featured_media":695,"comment_status":"closed","ping_status":"closed","sticky":false,"template":"","format":"standard","meta":{"site-sidebar-layout":"default","site-content-layout":"","ast-site-content-layout":"default","site-content-style":"default","site-sidebar-style":"default","ast-global-header-display":"","ast-banner-title-visibility":"","ast-main-header-display":"","ast-hfb-above-header-display":"","ast-hfb-below-header-display":"","ast-hfb-mobile-header-display":"","site-post-title":"","ast-breadcrumbs-content":"","ast-featured-img":"","footer-sml-layout":"","ast-disable-related-posts":"","theme-transparent-header-meta":"","adv-header-id-meta":"","stick-header-meta":"","header-above-stick-meta":"","header-main-stick-meta":"","header-below-stick-meta":"","astra-migrate-meta-layouts":"default","ast-page-background-enabled":"default","ast-page-background-meta":{"desktop":{"background-color":"","background-image":"","background-repeat":"repeat","background-position":"center center","background-size":"auto","background-attachment":"scroll","background-type":"","background-media":"","overlay-type":"","overlay-color":"","overlay-opacity":"","overlay-gradient":""},"tablet":{"background-color":"","background-image":"","background-repeat":"repeat","background-position":"center center","background-size":"auto","background-attachment":"scroll","background-type":"","background-media":"","overlay-type":"","overlay-color":"","overlay-opacity":"","overlay-gradient":""},"mobile":{"background-color":"","background-image":"","background-repeat":"repeat","background-position":"center center","background-size":"auto","background-attachment":"scroll","background-type":"","background-media":"","overlay-type":"","overlay-color":"","overlay-opacity":"","overlay-gradient":""}},"ast-content-background-meta":{"desktop":{"background-color":"var(--ast-global-color-5)","background-image":"","background-repeat":"repeat","background-position":"center center","background-size":"auto","background-attachment":"scroll","background-type":"","background-media":"","overlay-type":"","overlay-color":"","overlay-opacity":"","overlay-gradient":""},"tablet":{"background-color":"var(--ast-global-color-5)","background-image":"","background-repeat":"repeat","background-position":"center center","background-size":"auto","background-attachment":"scroll","background-type":"","background-media":"","overlay-type":"","overlay-color":"","overlay-opacity":"","overlay-gradient":""},"mobile":{"background-color":"var(--ast-global-color-5)","background-image":"","background-repeat":"repeat","background-position":"center center","background-size":"auto","background-attachment":"scroll","background-type":"","background-media":"","overlay-type":"","overlay-color":"","overlay-opacity":"","overlay-gradient":""}},"footnotes":""},"categories":[1,9],"tags":[],"class_list":["post-700","post","type-post","status-publish","format-standard","has-post-thumbnail","hentry","category-nuacht","category-turasanna-scoile"],"publishpress_future_action":{"enabled":false,"date":"2026-05-02 08:20:42","action":"change-status","newStatus":"draft","terms":[],"taxonomy":"category","extraData":[]},"publishpress_future_workflow_manual_trigger":{"enabledWorkflows":[]},"_links":{"self":[{"href":"https:\/\/www.colaistedaibheid.ie\/wp_cd_2020\/wp-json\/wp\/v2\/posts\/700","targetHints":{"allow":["GET"]}}],"collection":[{"href":"https:\/\/www.colaistedaibheid.ie\/wp_cd_2020\/wp-json\/wp\/v2\/posts"}],"about":[{"href":"https:\/\/www.colaistedaibheid.ie\/wp_cd_2020\/wp-json\/wp\/v2\/types\/post"}],"author":[{"embeddable":true,"href":"https:\/\/www.colaistedaibheid.ie\/wp_cd_2020\/wp-json\/wp\/v2\/users\/1"}],"replies":[{"embeddable":true,"href":"https:\/\/www.colaistedaibheid.ie\/wp_cd_2020\/wp-json\/wp\/v2\/comments?post=700"}],"version-history":[{"count":5,"href":"https:\/\/www.colaistedaibheid.ie\/wp_cd_2020\/wp-json\/wp\/v2\/posts\/700\/revisions"}],"predecessor-version":[{"id":756,"href":"https:\/\/www.colaistedaibheid.ie\/wp_cd_2020\/wp-json\/wp\/v2\/posts\/700\/revisions\/756"}],"wp:featuredmedia":[{"embeddable":true,"href":"https:\/\/www.colaistedaibheid.ie\/wp_cd_2020\/wp-json\/wp\/v2\/media\/695"}],"wp:attachment":[{"href":"https:\/\/www.colaistedaibheid.ie\/wp_cd_2020\/wp-json\/wp\/v2\/media?parent=700"}],"wp:term":[{"taxonomy":"category","embeddable":true,"href":"https:\/\/www.colaistedaibheid.ie\/wp_cd_2020\/wp-json\/wp\/v2\/categories?post=700"},{"taxonomy":"post_tag","embeddable":true,"href":"https:\/\/www.colaistedaibheid.ie\/wp_cd_2020\/wp-json\/wp\/v2\/tags?post=700"}],"curies":[{"name":"wp","href":"https:\/\/api.w.org\/{rel}","templated":true}]}}