{"id":1759,"date":"2018-05-26T09:16:00","date_gmt":"2018-05-26T09:16:00","guid":{"rendered":"http:\/\/www.colaistedaibheid.ie\/?p=1759"},"modified":"2018-06-22T08:16:17","modified_gmt":"2018-06-22T08:16:17","slug":"gradaim-na-scoile-2018","status":"publish","type":"post","link":"https:\/\/www.colaistedaibheid.ie\/wp_cd_2020\/gradaim-na-scoile-2018\/","title":{"rendered":"Gradaim na Scoile 2018"},"content":{"rendered":"<p>Bh\u00ed \u00f3c\u00e1id uile-scoile an-taitneamhach againn ar an 22\u00fa Bealtaine. Eagra\u00edodh Gradaim na Scoile san \u00d3st\u00e1n Clayton i gCathair Chorca\u00ed. D&#8217;fhreastal na dalta\u00ed agus m\u00fainteoir\u00ed ar fad, chomh maith le roinnt tuismitheoir\u00ed uirthi. Bh\u00ed M\u00e1ire Bn. U\u00ed Bhriain, Cathaoirleach an Bhord Bainist\u00edochta i l\u00e1thair freisin agus bhronn s\u00ed a duais fh\u00e9in, Gradam U\u00ed Bhriain, &#8216;An Tine Bheo&#8217; ar ghr\u00fapa a l\u00e9irigh an spriorad scoile is fearr le linn na bliana, an Fhoireann Sacair F\u00e9 19. T\u00e1imid thar a bheith bu\u00edoch di as ucht an Ghradaim seo a bhun\u00fa. Bhronn an Pr\u00edomhoide, Tadhg \u00d3 Laighin, Gradam Daibh\u00e9id (Gradam an Phr\u00edomhoide) ar dhalta Ardteiste i mbliana, Rowan Elliot. Bh\u00ed gearrscann\u00e1n bre\u00e1 d&#8217;imeachta\u00ed na bliana d\u00e9anta go speisialta ag an bPr\u00edomhoide T\u00e1naisteach, P\u00f3l \u00d3 S\u00edodhch\u00e1in. Chuir ceolt\u00f3ir\u00ed na scoile p\u00edosa\u00ed bre\u00e1tha fuinneamhacha le ch\u00e9ile, f\u00e9 sti\u00far In\u00edon U\u00ed Bhriain. T\u00e1 liosta na mbuaiteoir\u00ed ar fad th\u00edos:<\/p>\n<p>We had a very enjoyable whole-school occasion on May 22nd. Our Annual School Awards, Gradaim na Scoile, were presented in the Clayton Hotel, Cork. All students and teachers attended, as well as some parents. M\u00e1ire Bn. U\u00ed Bhriain, Chairperson of the Board of Management, was also with us. She presented her award, Gradam U\u00ed Bhriain, &#8216;An Tine Bheo&#8217;, to the group who most embodied the student spirit of Col\u00e1iste Daibh\u00e9id this year, the Under-19 Soccer Team. School Principal, Tadhg \u00d3 Laighin, this year presented Gradam Daibh\u00e9id, The Principal&#8217;s Award, to Leaving Certificate student Rowan Elliott. Deputy Principal, P\u00f3l \u00d3 S\u00edodhch\u00e1in, created a short film of the year&#8217;s highlights especially for the occasion. Our school musicians performed a nice mixture of songs under the direction of In\u00edon U\u00ed Bhriain. A list of all winners follows:<\/p>\n<p>Gradam \u00c9igse (Stair\/T\u00edreolas\/OSSP): Eadaoin Jauch (Bl.5)<br \/>\nGradam na nD\u00e1n (Eala\u00edn\/Dr\u00e1ma\u00edocht\/Fil\u00edocht\/Ceol): Emmet \u00d3 Riain (Bl.6)<br \/>\nGradam Maiti\u00fa (An Saor\u00e1nach Is Fearr): Sorcha N\u00ed Choile\u00e1in (Bl.4)<br \/>\nGradam U\u00ed Sh\u00failleabh\u00e1in (L\u00fathchleasa\u00ed na Bliana-Buachaill\u00ed): L\u00fac\u00e1s Towler (Bl.4)<br \/>\nGradam U\u00ed Ruairc (L\u00fathchleasa\u00ed na Bliana-Cail\u00edn\u00ed): Leah Barbado (Bl.3)<br \/>\nGradam Pera Pera (Teangacha Iasachta): Kristina N\u00ed Chruadhclaoich (Bl.6)<br \/>\nGradam Sr\u00e1id Mhuileann na S\u00e1bhad\u00f3ireachta (Gn\u00f3\/Fiontra\u00edocht): Banc na Scoile<br \/>\nGradam Eureka (Eola\u00edocht\/Mata): Kristina N\u00ed Chruadhlaoich (Bl.6)<br \/>\nGradam na Nua-Aoise (Eac. Bhaile\/Graif. Theicni\u00fail): \u00c1ine de R\u00eds (Bl.6)<br \/>\nGradam na Laoi (An Ghaeilge): Anna Koum (Bl.5)<br \/>\nRang na Bliana: Sligeach (Bl.1)<br \/>\nGradam Meithil (Gr\u00fapa\/Foireann Is Fearr): Na Laochra &#8211; First Lego League<br \/>\nGradam U\u00ed Bhriain &#8216;An Tine Bheo&#8217; (Spiorad na Scoile): Foireann Sacair F\u00e9 19<\/p>\n<p>Dalta na Bliana 1: Neasa N\u00ed Bhriain<br \/>\nDalta na Bliana 2: Aindri\u00fa Mac Coitir<\/p>\n<p>Dalta na Bliana 3: Katie N\u00ed Drisceoil<\/p>\n<p>Dalta na Bliana 4: R\u00f3is\u00edn N\u00ed Dheas\u00fanaigh<br \/>\nDalta na Bliana 5: Erin Nic Suibhne<br \/>\nDalta na Bliana 6: Thomas Mac Airti\u00fan<\/p>\n<p>Gradam Daibh\u00e9id (Gradam an Phr\u00edomhoide): Rowan Elliott (Bl.6)<\/p>\n<figure id=\"attachment_1760\" aria-describedby=\"caption-attachment-1760\" style=\"width: 800px\" class=\"wp-caption aligncenter\"><a href=\"http:\/\/www.colaistedaibheid.ie\/wp_cd_2020\/wp-content\/uploads\/1D1F2534.jpg\"><img fetchpriority=\"high\" decoding=\"async\" data-id=\"1760\"  src=\"http:\/\/www.colaistedaibheid.ie\/wp_cd_2020\/wp-content\/uploads\/1D1F2534-800x511.jpg\" alt=\"REPRO FREE. 22\/05\/2018 Col\u00e0iste Daibh\u00e8id Annual Awards, Gradaim na Scoile, at the Clayton Hotel Cork City, Lapps Quay, Cork. Picture: Jim Coughlan.\" width=\"800\" height=\"511\" class=\"size-medium wp-image-1760\" srcset=\"https:\/\/www.colaistedaibheid.ie\/wp_cd_2020\/wp-content\/uploads\/1D1F2534-800x511.jpg 800w, https:\/\/www.colaistedaibheid.ie\/wp_cd_2020\/wp-content\/uploads\/1D1F2534-768x490.jpg 768w, https:\/\/www.colaistedaibheid.ie\/wp_cd_2020\/wp-content\/uploads\/1D1F2534.jpg 1100w\" sizes=\"(max-width: 800px) 100vw, 800px\" \/><\/a><figcaption id=\"caption-attachment-1760\" class=\"wp-caption-text\">REPRO FREE.<br \/>22\/05\/2018<br \/>Col\u00e0iste Daibh\u00e8id Annual Awards, Gradaim na Scoile, at the Clayton Hotel Cork City, Lapps Quay, Cork.<br \/>Picture: Jim Coughlan.<\/figcaption><\/figure>\n<figure id=\"attachment_1761\" aria-describedby=\"caption-attachment-1761\" style=\"width: 800px\" class=\"wp-caption aligncenter\"><a href=\"http:\/\/www.colaistedaibheid.ie\/wp_cd_2020\/wp-content\/uploads\/1D1F2548.jpg\"><img decoding=\"async\" data-id=\"1761\"  src=\"http:\/\/www.colaistedaibheid.ie\/wp_cd_2020\/wp-content\/uploads\/1D1F2548-800x482.jpg\" alt=\"REPRO FREE. 22\/05\/2018 Col\u00e0iste Daibh\u00e8id Annual Awards, Gradaim na Scoile, at the Clayton Hotel Cork City, Lapps Quay, Cork. Picture: Jim Coughlan.\" width=\"800\" height=\"482\" class=\"size-medium wp-image-1761\" srcset=\"https:\/\/www.colaistedaibheid.ie\/wp_cd_2020\/wp-content\/uploads\/1D1F2548-800x482.jpg 800w, https:\/\/www.colaistedaibheid.ie\/wp_cd_2020\/wp-content\/uploads\/1D1F2548-768x463.jpg 768w, https:\/\/www.colaistedaibheid.ie\/wp_cd_2020\/wp-content\/uploads\/1D1F2548.jpg 1100w\" sizes=\"(max-width: 800px) 100vw, 800px\" \/><\/a><figcaption id=\"caption-attachment-1761\" class=\"wp-caption-text\">REPRO FREE.<br \/>22\/05\/2018<br \/>Col\u00e0iste Daibh\u00e8id Annual Awards, Gradaim na Scoile, at the Clayton Hotel Cork City, Lapps Quay, Cork.<br \/>Picture: Jim Coughlan.<\/figcaption><\/figure>\n<figure id=\"attachment_1762\" aria-describedby=\"caption-attachment-1762\" style=\"width: 800px\" class=\"wp-caption aligncenter\"><a href=\"http:\/\/www.colaistedaibheid.ie\/wp_cd_2020\/wp-content\/uploads\/1D1F2557.jpg\"><img decoding=\"async\" data-id=\"1762\"  src=\"http:\/\/www.colaistedaibheid.ie\/wp_cd_2020\/wp-content\/uploads\/1D1F2557-800x500.jpg\" alt=\"REPRO FREE. 22\/05\/2018 Col\u00e0iste Daibh\u00e8id Annual Awards, Gradaim na Scoile, at the Clayton Hotel Cork City, Lapps Quay, Cork. Picture: Jim Coughlan.\" width=\"800\" height=\"500\" class=\"size-medium wp-image-1762\" srcset=\"https:\/\/www.colaistedaibheid.ie\/wp_cd_2020\/wp-content\/uploads\/1D1F2557-800x500.jpg 800w, https:\/\/www.colaistedaibheid.ie\/wp_cd_2020\/wp-content\/uploads\/1D1F2557-768x480.jpg 768w, https:\/\/www.colaistedaibheid.ie\/wp_cd_2020\/wp-content\/uploads\/1D1F2557.jpg 1100w\" sizes=\"(max-width: 800px) 100vw, 800px\" \/><\/a><figcaption id=\"caption-attachment-1762\" class=\"wp-caption-text\">REPRO FREE.<br \/>22\/05\/2018<br \/>Col\u00e0iste Daibh\u00e8id Annual Awards, Gradaim na Scoile, at the Clayton Hotel Cork City, Lapps Quay, Cork.<br \/>Picture: Jim Coughlan.<\/figcaption><\/figure>\n<figure id=\"attachment_1763\" aria-describedby=\"caption-attachment-1763\" style=\"width: 800px\" class=\"wp-caption aligncenter\"><a href=\"http:\/\/www.colaistedaibheid.ie\/wp_cd_2020\/wp-content\/uploads\/1D1F2573.jpg\"><img loading=\"lazy\" decoding=\"async\" data-id=\"1763\"  src=\"http:\/\/www.colaistedaibheid.ie\/wp_cd_2020\/wp-content\/uploads\/1D1F2573-800x499.jpg\" alt=\"REPRO FREE. 22\/05\/2018 Col\u00e0iste Daibh\u00e8id Annual Awards, Gradaim na Scoile, at the Clayton Hotel Cork City, Lapps Quay, Cork. Picture: Jim Coughlan.\" width=\"800\" height=\"499\" class=\"size-medium wp-image-1763\" srcset=\"https:\/\/www.colaistedaibheid.ie\/wp_cd_2020\/wp-content\/uploads\/1D1F2573-800x499.jpg 800w, https:\/\/www.colaistedaibheid.ie\/wp_cd_2020\/wp-content\/uploads\/1D1F2573-768x479.jpg 768w, https:\/\/www.colaistedaibheid.ie\/wp_cd_2020\/wp-content\/uploads\/1D1F2573.jpg 1100w\" sizes=\"(max-width: 800px) 100vw, 800px\" \/><\/a><figcaption id=\"caption-attachment-1763\" class=\"wp-caption-text\">REPRO FREE.<br \/>22\/05\/2018<br \/>Col\u00e0iste Daibh\u00e8id Annual Awards, Gradaim na Scoile, at the Clayton Hotel Cork City, Lapps Quay, Cork.<br \/>Picture: Jim Coughlan.<\/figcaption><\/figure>\n<figure id=\"attachment_1764\" aria-describedby=\"caption-attachment-1764\" style=\"width: 800px\" class=\"wp-caption aligncenter\"><a href=\"http:\/\/www.colaistedaibheid.ie\/wp_cd_2020\/wp-content\/uploads\/1D1F2582.jpg\"><img loading=\"lazy\" decoding=\"async\" data-id=\"1764\"  src=\"http:\/\/www.colaistedaibheid.ie\/wp_cd_2020\/wp-content\/uploads\/1D1F2582-800x529.jpg\" alt=\"REPRO FREE. 22\/05\/2018 Col\u00e0iste Daibh\u00e8id Annual Awards, Gradaim na Scoile, at the Clayton Hotel Cork City, Lapps Quay, Cork. Picture: Jim Coughlan.\" width=\"800\" height=\"529\" class=\"size-medium wp-image-1764\" srcset=\"https:\/\/www.colaistedaibheid.ie\/wp_cd_2020\/wp-content\/uploads\/1D1F2582-800x529.jpg 800w, https:\/\/www.colaistedaibheid.ie\/wp_cd_2020\/wp-content\/uploads\/1D1F2582-768x508.jpg 768w, https:\/\/www.colaistedaibheid.ie\/wp_cd_2020\/wp-content\/uploads\/1D1F2582.jpg 1100w\" sizes=\"(max-width: 800px) 100vw, 800px\" \/><\/a><figcaption id=\"caption-attachment-1764\" class=\"wp-caption-text\">REPRO FREE.<br \/>22\/05\/2018<br \/>Col\u00e0iste Daibh\u00e8id Annual Awards, Gradaim na Scoile, at the Clayton Hotel Cork City, Lapps Quay, Cork.<br \/>Picture: Jim Coughlan.<\/figcaption><\/figure>\n<figure id=\"attachment_1765\" aria-describedby=\"caption-attachment-1765\" style=\"width: 800px\" class=\"wp-caption aligncenter\"><a href=\"http:\/\/www.colaistedaibheid.ie\/wp_cd_2020\/wp-content\/uploads\/1D1F2590.jpg\"><img loading=\"lazy\" decoding=\"async\" data-id=\"1765\"  src=\"http:\/\/www.colaistedaibheid.ie\/wp_cd_2020\/wp-content\/uploads\/1D1F2590-800x519.jpg\" alt=\"REPRO FREE. 22\/05\/2018 Col\u00e0iste Daibh\u00e8id Annual Awards, Gradaim na Scoile, at the Clayton Hotel Cork City, Lapps Quay, Cork. Picture: Jim Coughlan.\" width=\"800\" height=\"519\" class=\"size-medium wp-image-1765\" srcset=\"https:\/\/www.colaistedaibheid.ie\/wp_cd_2020\/wp-content\/uploads\/1D1F2590-800x519.jpg 800w, https:\/\/www.colaistedaibheid.ie\/wp_cd_2020\/wp-content\/uploads\/1D1F2590-768x499.jpg 768w, https:\/\/www.colaistedaibheid.ie\/wp_cd_2020\/wp-content\/uploads\/1D1F2590.jpg 1100w\" sizes=\"(max-width: 800px) 100vw, 800px\" \/><\/a><figcaption id=\"caption-attachment-1765\" class=\"wp-caption-text\">REPRO FREE.<br \/>22\/05\/2018<br \/>Col\u00e0iste Daibh\u00e8id Annual Awards, Gradaim na Scoile, at the Clayton Hotel Cork City, Lapps Quay, Cork.<br \/>Picture: Jim Coughlan.<\/figcaption><\/figure>\n<figure id=\"attachment_1766\" aria-describedby=\"caption-attachment-1766\" style=\"width: 800px\" class=\"wp-caption aligncenter\"><a href=\"http:\/\/www.colaistedaibheid.ie\/wp_cd_2020\/wp-content\/uploads\/1D1F2597.jpg\"><img loading=\"lazy\" decoding=\"async\" data-id=\"1766\"  src=\"http:\/\/www.colaistedaibheid.ie\/wp_cd_2020\/wp-content\/uploads\/1D1F2597-800x467.jpg\" alt=\"REPRO FREE. 22\/05\/2018 Col\u00e0iste Daibh\u00e8id Annual Awards, Gradaim na Scoile, at the Clayton Hotel Cork City, Lapps Quay, Cork. Picture: Jim Coughlan.\" width=\"800\" height=\"467\" class=\"size-medium wp-image-1766\" srcset=\"https:\/\/www.colaistedaibheid.ie\/wp_cd_2020\/wp-content\/uploads\/1D1F2597-800x467.jpg 800w, https:\/\/www.colaistedaibheid.ie\/wp_cd_2020\/wp-content\/uploads\/1D1F2597-768x448.jpg 768w, https:\/\/www.colaistedaibheid.ie\/wp_cd_2020\/wp-content\/uploads\/1D1F2597.jpg 1100w\" sizes=\"(max-width: 800px) 100vw, 800px\" \/><\/a><figcaption id=\"caption-attachment-1766\" class=\"wp-caption-text\">REPRO FREE.<br \/>22\/05\/2018<br \/>Col\u00e0iste Daibh\u00e8id Annual Awards, Gradaim na Scoile, at the Clayton Hotel Cork City, Lapps Quay, Cork.<br \/>Picture: Jim Coughlan.<\/figcaption><\/figure>\n<figure id=\"attachment_1767\" aria-describedby=\"caption-attachment-1767\" style=\"width: 800px\" class=\"wp-caption aligncenter\"><a href=\"http:\/\/www.colaistedaibheid.ie\/wp_cd_2020\/wp-content\/uploads\/1D1F2599.jpg\"><img loading=\"lazy\" decoding=\"async\" data-id=\"1767\"  src=\"http:\/\/www.colaistedaibheid.ie\/wp_cd_2020\/wp-content\/uploads\/1D1F2599-800x471.jpg\" alt=\"REPRO FREE. 22\/05\/2018 Col\u00e0iste Daibh\u00e8id Annual Awards, Gradaim na Scoile, at the Clayton Hotel Cork City, Lapps Quay, Cork. Picture: Jim Coughlan.\" width=\"800\" height=\"471\" class=\"size-medium wp-image-1767\" srcset=\"https:\/\/www.colaistedaibheid.ie\/wp_cd_2020\/wp-content\/uploads\/1D1F2599-800x471.jpg 800w, https:\/\/www.colaistedaibheid.ie\/wp_cd_2020\/wp-content\/uploads\/1D1F2599-768x452.jpg 768w, https:\/\/www.colaistedaibheid.ie\/wp_cd_2020\/wp-content\/uploads\/1D1F2599.jpg 1100w\" sizes=\"(max-width: 800px) 100vw, 800px\" \/><\/a><figcaption id=\"caption-attachment-1767\" class=\"wp-caption-text\">REPRO FREE.<br \/>22\/05\/2018<br \/>Col\u00e0iste Daibh\u00e8id Annual Awards, Gradaim na Scoile, at the Clayton Hotel Cork City, Lapps Quay, Cork.<br \/>Picture: Jim Coughlan.<\/figcaption><\/figure>\n<figure id=\"attachment_1768\" aria-describedby=\"caption-attachment-1768\" style=\"width: 800px\" class=\"wp-caption aligncenter\"><a href=\"http:\/\/www.colaistedaibheid.ie\/wp_cd_2020\/wp-content\/uploads\/1D1F2604.jpg\"><img loading=\"lazy\" decoding=\"async\" data-id=\"1768\"  src=\"http:\/\/www.colaistedaibheid.ie\/wp_cd_2020\/wp-content\/uploads\/1D1F2604-800x495.jpg\" alt=\"REPRO FREE. 22\/05\/2018 Col\u00e0iste Daibh\u00e8id Annual Awards, Gradaim na Scoile, at the Clayton Hotel Cork City, Lapps Quay, Cork. Picture: Jim Coughlan.\" width=\"800\" height=\"495\" class=\"size-medium wp-image-1768\" srcset=\"https:\/\/www.colaistedaibheid.ie\/wp_cd_2020\/wp-content\/uploads\/1D1F2604-800x495.jpg 800w, https:\/\/www.colaistedaibheid.ie\/wp_cd_2020\/wp-content\/uploads\/1D1F2604-768x475.jpg 768w, https:\/\/www.colaistedaibheid.ie\/wp_cd_2020\/wp-content\/uploads\/1D1F2604.jpg 1100w\" sizes=\"(max-width: 800px) 100vw, 800px\" \/><\/a><figcaption id=\"caption-attachment-1768\" class=\"wp-caption-text\">REPRO FREE.<br \/>22\/05\/2018<br \/>Col\u00e0iste Daibh\u00e8id Annual Awards, Gradaim na Scoile, at the Clayton Hotel Cork City, Lapps Quay, Cork.<br \/>Picture: Jim Coughlan.<\/figcaption><\/figure>\n<figure id=\"attachment_1769\" aria-describedby=\"caption-attachment-1769\" style=\"width: 800px\" class=\"wp-caption aligncenter\"><a href=\"http:\/\/www.colaistedaibheid.ie\/wp_cd_2020\/wp-content\/uploads\/1D1F2611.jpg\"><img loading=\"lazy\" decoding=\"async\" data-id=\"1769\"  src=\"http:\/\/www.colaistedaibheid.ie\/wp_cd_2020\/wp-content\/uploads\/1D1F2611-800x513.jpg\" alt=\"REPRO FREE. 22\/05\/2018 Col\u00e0iste Daibh\u00e8id Annual Awards, Gradaim na Scoile, at the Clayton Hotel Cork City, Lapps Quay, Cork. Picture: Jim Coughlan.\" width=\"800\" height=\"513\" class=\"size-medium wp-image-1769\" srcset=\"https:\/\/www.colaistedaibheid.ie\/wp_cd_2020\/wp-content\/uploads\/1D1F2611-800x513.jpg 800w, https:\/\/www.colaistedaibheid.ie\/wp_cd_2020\/wp-content\/uploads\/1D1F2611-768x492.jpg 768w, https:\/\/www.colaistedaibheid.ie\/wp_cd_2020\/wp-content\/uploads\/1D1F2611.jpg 1100w\" sizes=\"(max-width: 800px) 100vw, 800px\" \/><\/a><figcaption id=\"caption-attachment-1769\" class=\"wp-caption-text\">REPRO FREE.<br \/>22\/05\/2018<br \/>Col\u00e0iste Daibh\u00e8id Annual Awards, Gradaim na Scoile, at the Clayton Hotel Cork City, Lapps Quay, Cork.<br \/>Picture: Jim Coughlan.<\/figcaption><\/figure>\n<figure id=\"attachment_1770\" aria-describedby=\"caption-attachment-1770\" style=\"width: 800px\" class=\"wp-caption aligncenter\"><a href=\"http:\/\/www.colaistedaibheid.ie\/wp_cd_2020\/wp-content\/uploads\/1D1F2617.jpg\"><img loading=\"lazy\" decoding=\"async\" data-id=\"1770\"  src=\"http:\/\/www.colaistedaibheid.ie\/wp_cd_2020\/wp-content\/uploads\/1D1F2617-800x471.jpg\" alt=\"REPRO FREE. 22\/05\/2018 Col\u00e0iste Daibh\u00e8id Annual Awards, Gradaim na Scoile, at the Clayton Hotel Cork City, Lapps Quay, Cork. Picture: Jim Coughlan.\" width=\"800\" height=\"471\" class=\"size-medium wp-image-1770\" srcset=\"https:\/\/www.colaistedaibheid.ie\/wp_cd_2020\/wp-content\/uploads\/1D1F2617-800x471.jpg 800w, https:\/\/www.colaistedaibheid.ie\/wp_cd_2020\/wp-content\/uploads\/1D1F2617-768x452.jpg 768w, https:\/\/www.colaistedaibheid.ie\/wp_cd_2020\/wp-content\/uploads\/1D1F2617.jpg 1100w\" sizes=\"(max-width: 800px) 100vw, 800px\" \/><\/a><figcaption id=\"caption-attachment-1770\" class=\"wp-caption-text\">REPRO FREE.<br \/>22\/05\/2018<br \/>Col\u00e0iste Daibh\u00e8id Annual Awards, Gradaim na Scoile, at the Clayton Hotel Cork City, Lapps Quay, Cork.<br \/>Picture: Jim Coughlan.<\/figcaption><\/figure>\n<figure id=\"attachment_1771\" aria-describedby=\"caption-attachment-1771\" style=\"width: 800px\" class=\"wp-caption aligncenter\"><a href=\"http:\/\/www.colaistedaibheid.ie\/wp_cd_2020\/wp-content\/uploads\/1D1F2623.jpg\"><img loading=\"lazy\" decoding=\"async\" data-id=\"1771\"  src=\"http:\/\/www.colaistedaibheid.ie\/wp_cd_2020\/wp-content\/uploads\/1D1F2623-800x498.jpg\" alt=\"REPRO FREE. 22\/05\/2018 Col\u00e0iste Daibh\u00e8id Annual Awards, Gradaim na Scoile, at the Clayton Hotel Cork City, Lapps Quay, Cork. Picture: Jim Coughlan.\" width=\"800\" height=\"498\" class=\"size-medium wp-image-1771\" srcset=\"https:\/\/www.colaistedaibheid.ie\/wp_cd_2020\/wp-content\/uploads\/1D1F2623-800x498.jpg 800w, https:\/\/www.colaistedaibheid.ie\/wp_cd_2020\/wp-content\/uploads\/1D1F2623-768x478.jpg 768w, https:\/\/www.colaistedaibheid.ie\/wp_cd_2020\/wp-content\/uploads\/1D1F2623.jpg 1100w\" sizes=\"(max-width: 800px) 100vw, 800px\" \/><\/a><figcaption id=\"caption-attachment-1771\" class=\"wp-caption-text\">REPRO FREE.<br \/>22\/05\/2018<br \/>Col\u00e0iste Daibh\u00e8id Annual Awards, Gradaim na Scoile, at the Clayton Hotel Cork City, Lapps Quay, Cork.<br \/>Picture: Jim Coughlan.<\/figcaption><\/figure>\n<figure id=\"attachment_1772\" aria-describedby=\"caption-attachment-1772\" style=\"width: 800px\" class=\"wp-caption aligncenter\"><a href=\"http:\/\/www.colaistedaibheid.ie\/wp_cd_2020\/wp-content\/uploads\/1D1F2630.jpg\"><img loading=\"lazy\" decoding=\"async\" data-id=\"1772\"  src=\"http:\/\/www.colaistedaibheid.ie\/wp_cd_2020\/wp-content\/uploads\/1D1F2630-800x494.jpg\" alt=\"REPRO FREE. 22\/05\/2018 Col\u00e0iste Daibh\u00e8id Annual Awards, Gradaim na Scoile, at the Clayton Hotel Cork City, Lapps Quay, Cork. Picture: Jim Coughlan.\" width=\"800\" height=\"494\" class=\"size-medium wp-image-1772\" srcset=\"https:\/\/www.colaistedaibheid.ie\/wp_cd_2020\/wp-content\/uploads\/1D1F2630-800x494.jpg 800w, https:\/\/www.colaistedaibheid.ie\/wp_cd_2020\/wp-content\/uploads\/1D1F2630-768x474.jpg 768w, https:\/\/www.colaistedaibheid.ie\/wp_cd_2020\/wp-content\/uploads\/1D1F2630.jpg 1100w\" sizes=\"(max-width: 800px) 100vw, 800px\" \/><\/a><figcaption id=\"caption-attachment-1772\" class=\"wp-caption-text\">REPRO FREE.<br \/>22\/05\/2018<br \/>Col\u00e0iste Daibh\u00e8id Annual Awards, Gradaim na Scoile, at the Clayton Hotel Cork City, Lapps Quay, Cork.<br \/>Picture: Jim Coughlan.<\/figcaption><\/figure>\n<figure id=\"attachment_1773\" aria-describedby=\"caption-attachment-1773\" style=\"width: 800px\" class=\"wp-caption aligncenter\"><a href=\"http:\/\/www.colaistedaibheid.ie\/wp_cd_2020\/wp-content\/uploads\/1D1F2632.jpg\"><img loading=\"lazy\" decoding=\"async\" data-id=\"1773\"  src=\"http:\/\/www.colaistedaibheid.ie\/wp_cd_2020\/wp-content\/uploads\/1D1F2632-800x474.jpg\" alt=\"REPRO FREE. 22\/05\/2018 Col\u00e0iste Daibh\u00e8id Annual Awards, Gradaim na Scoile, at the Clayton Hotel Cork City, Lapps Quay, Cork. Picture: Jim Coughlan.\" width=\"800\" height=\"474\" class=\"size-medium wp-image-1773\" srcset=\"https:\/\/www.colaistedaibheid.ie\/wp_cd_2020\/wp-content\/uploads\/1D1F2632-800x474.jpg 800w, https:\/\/www.colaistedaibheid.ie\/wp_cd_2020\/wp-content\/uploads\/1D1F2632-768x455.jpg 768w, https:\/\/www.colaistedaibheid.ie\/wp_cd_2020\/wp-content\/uploads\/1D1F2632.jpg 1100w\" sizes=\"(max-width: 800px) 100vw, 800px\" \/><\/a><figcaption id=\"caption-attachment-1773\" class=\"wp-caption-text\">REPRO FREE.<br \/>22\/05\/2018<br \/>Col\u00e0iste Daibh\u00e8id Annual Awards, Gradaim na Scoile, at the Clayton Hotel Cork City, Lapps Quay, Cork.<br \/>Picture: Jim Coughlan.<\/figcaption><\/figure>\n<figure id=\"attachment_1774\" aria-describedby=\"caption-attachment-1774\" style=\"width: 800px\" class=\"wp-caption aligncenter\"><a href=\"http:\/\/www.colaistedaibheid.ie\/wp_cd_2020\/wp-content\/uploads\/1D1F2636.jpg\"><img loading=\"lazy\" decoding=\"async\" data-id=\"1774\"  src=\"http:\/\/www.colaistedaibheid.ie\/wp_cd_2020\/wp-content\/uploads\/1D1F2636-800x455.jpg\" alt=\"REPRO FREE. 22\/05\/2018 Col\u00e0iste Daibh\u00e8id Annual Awards, Gradaim na Scoile, at the Clayton Hotel Cork City, Lapps Quay, Cork. Picture: Jim Coughlan.\" width=\"800\" height=\"455\" class=\"size-medium wp-image-1774\" srcset=\"https:\/\/www.colaistedaibheid.ie\/wp_cd_2020\/wp-content\/uploads\/1D1F2636-800x455.jpg 800w, https:\/\/www.colaistedaibheid.ie\/wp_cd_2020\/wp-content\/uploads\/1D1F2636-768x437.jpg 768w, https:\/\/www.colaistedaibheid.ie\/wp_cd_2020\/wp-content\/uploads\/1D1F2636.jpg 1100w\" sizes=\"(max-width: 800px) 100vw, 800px\" \/><\/a><figcaption id=\"caption-attachment-1774\" class=\"wp-caption-text\">REPRO FREE.<br \/>22\/05\/2018<br \/>Col\u00e0iste Daibh\u00e8id Annual Awards, Gradaim na Scoile, at the Clayton Hotel Cork City, Lapps Quay, Cork.<br \/>Picture: Jim Coughlan.<\/figcaption><\/figure>\n<figure id=\"attachment_1775\" aria-describedby=\"caption-attachment-1775\" style=\"width: 800px\" class=\"wp-caption aligncenter\"><a href=\"http:\/\/www.colaistedaibheid.ie\/wp_cd_2020\/wp-content\/uploads\/1D1F2642.jpg\"><img loading=\"lazy\" decoding=\"async\" data-id=\"1775\"  src=\"http:\/\/www.colaistedaibheid.ie\/wp_cd_2020\/wp-content\/uploads\/1D1F2642-800x516.jpg\" alt=\"REPRO FREE. 22\/05\/2018 Col\u00e0iste Daibh\u00e8id Annual Awards, Gradaim na Scoile, at the Clayton Hotel Cork City, Lapps Quay, Cork. Picture: Jim Coughlan.\" width=\"800\" height=\"516\" class=\"size-medium wp-image-1775\" srcset=\"https:\/\/www.colaistedaibheid.ie\/wp_cd_2020\/wp-content\/uploads\/1D1F2642-800x516.jpg 800w, https:\/\/www.colaistedaibheid.ie\/wp_cd_2020\/wp-content\/uploads\/1D1F2642-768x496.jpg 768w, https:\/\/www.colaistedaibheid.ie\/wp_cd_2020\/wp-content\/uploads\/1D1F2642.jpg 1100w\" sizes=\"(max-width: 800px) 100vw, 800px\" \/><\/a><figcaption id=\"caption-attachment-1775\" class=\"wp-caption-text\">REPRO FREE.<br \/>22\/05\/2018<br \/>Col\u00e0iste Daibh\u00e8id Annual Awards, Gradaim na Scoile, at the Clayton Hotel Cork City, Lapps Quay, Cork.<br \/>Picture: Jim Coughlan.<\/figcaption><\/figure>\n<figure id=\"attachment_1776\" aria-describedby=\"caption-attachment-1776\" style=\"width: 800px\" class=\"wp-caption aligncenter\"><a href=\"http:\/\/www.colaistedaibheid.ie\/wp_cd_2020\/wp-content\/uploads\/1D1F2652.jpg\"><img loading=\"lazy\" decoding=\"async\" data-id=\"1776\"  src=\"http:\/\/www.colaistedaibheid.ie\/wp_cd_2020\/wp-content\/uploads\/1D1F2652-800x516.jpg\" alt=\"REPRO FREE. 22\/05\/2018 Col\u00e0iste Daibh\u00e8id Annual Awards, Gradaim na Scoile, at the Clayton Hotel Cork City, Lapps Quay, Cork. Picture: Jim Coughlan.\" width=\"800\" height=\"516\" class=\"size-medium wp-image-1776\" srcset=\"https:\/\/www.colaistedaibheid.ie\/wp_cd_2020\/wp-content\/uploads\/1D1F2652-800x516.jpg 800w, https:\/\/www.colaistedaibheid.ie\/wp_cd_2020\/wp-content\/uploads\/1D1F2652-768x495.jpg 768w, https:\/\/www.colaistedaibheid.ie\/wp_cd_2020\/wp-content\/uploads\/1D1F2652.jpg 1100w\" sizes=\"(max-width: 800px) 100vw, 800px\" \/><\/a><figcaption id=\"caption-attachment-1776\" class=\"wp-caption-text\">REPRO FREE.<br \/>22\/05\/2018<br \/>Col\u00e0iste Daibh\u00e8id Annual Awards, Gradaim na Scoile, at the Clayton Hotel Cork City, Lapps Quay, Cork.<br \/>Picture: Jim Coughlan.<\/figcaption><\/figure>\n<figure id=\"attachment_1777\" aria-describedby=\"caption-attachment-1777\" style=\"width: 800px\" class=\"wp-caption aligncenter\"><a href=\"http:\/\/www.colaistedaibheid.ie\/wp_cd_2020\/wp-content\/uploads\/1D1F2659.jpg\"><img loading=\"lazy\" decoding=\"async\" data-id=\"1777\"  src=\"http:\/\/www.colaistedaibheid.ie\/wp_cd_2020\/wp-content\/uploads\/1D1F2659-800x476.jpg\" alt=\"REPRO FREE. 22\/05\/2018 Col\u00e0iste Daibh\u00e8id Annual Awards, Gradaim na Scoile, at the Clayton Hotel Cork City, Lapps Quay, Cork. Picture: Jim Coughlan.\" width=\"800\" height=\"476\" class=\"size-medium wp-image-1777\" srcset=\"https:\/\/www.colaistedaibheid.ie\/wp_cd_2020\/wp-content\/uploads\/1D1F2659-800x476.jpg 800w, https:\/\/www.colaistedaibheid.ie\/wp_cd_2020\/wp-content\/uploads\/1D1F2659-768x457.jpg 768w, https:\/\/www.colaistedaibheid.ie\/wp_cd_2020\/wp-content\/uploads\/1D1F2659.jpg 1100w\" sizes=\"(max-width: 800px) 100vw, 800px\" \/><\/a><figcaption id=\"caption-attachment-1777\" class=\"wp-caption-text\">REPRO FREE.<br \/>22\/05\/2018<br \/>Col\u00e0iste Daibh\u00e8id Annual Awards, Gradaim na Scoile, at the Clayton Hotel Cork City, Lapps Quay, Cork.<br \/>Picture: Jim Coughlan.<\/figcaption><\/figure>\n<figure id=\"attachment_1778\" aria-describedby=\"caption-attachment-1778\" style=\"width: 800px\" class=\"wp-caption aligncenter\"><a href=\"http:\/\/www.colaistedaibheid.ie\/wp_cd_2020\/wp-content\/uploads\/1D1F2665.jpg\"><img loading=\"lazy\" decoding=\"async\" data-id=\"1778\"  src=\"http:\/\/www.colaistedaibheid.ie\/wp_cd_2020\/wp-content\/uploads\/1D1F2665-800x491.jpg\" alt=\"REPRO FREE. 22\/05\/2018 Col\u00e0iste Daibh\u00e8id Annual Awards, Gradaim na Scoile, at the Clayton Hotel Cork City, Lapps Quay, Cork. Picture: Jim Coughlan.\" width=\"800\" height=\"491\" class=\"size-medium wp-image-1778\" srcset=\"https:\/\/www.colaistedaibheid.ie\/wp_cd_2020\/wp-content\/uploads\/1D1F2665-800x491.jpg 800w, https:\/\/www.colaistedaibheid.ie\/wp_cd_2020\/wp-content\/uploads\/1D1F2665-768x471.jpg 768w, https:\/\/www.colaistedaibheid.ie\/wp_cd_2020\/wp-content\/uploads\/1D1F2665.jpg 1100w\" sizes=\"(max-width: 800px) 100vw, 800px\" \/><\/a><figcaption id=\"caption-attachment-1778\" class=\"wp-caption-text\">REPRO FREE.<br \/>22\/05\/2018<br \/>Col\u00e0iste Daibh\u00e8id Annual Awards, Gradaim na Scoile, at the Clayton Hotel Cork City, Lapps Quay, Cork.<br \/>Picture: Jim Coughlan.<\/figcaption><\/figure>\n<figure id=\"attachment_1779\" aria-describedby=\"caption-attachment-1779\" style=\"width: 800px\" class=\"wp-caption aligncenter\"><a href=\"http:\/\/www.colaistedaibheid.ie\/wp_cd_2020\/wp-content\/uploads\/1D240299.jpg\"><img loading=\"lazy\" decoding=\"async\" data-id=\"1779\"  src=\"http:\/\/www.colaistedaibheid.ie\/wp_cd_2020\/wp-content\/uploads\/1D240299-800x572.jpg\" alt=\"REPRO FREE. 22\/05\/2018 Col\u00e0iste Daibh\u00e8id Annual Awards, Gradaim na Scoile, at the Clayton Hotel Cork City, Lapps Quay, Cork. Picture: Jim Coughlan.\" width=\"800\" height=\"572\" class=\"size-medium wp-image-1779\" srcset=\"https:\/\/www.colaistedaibheid.ie\/wp_cd_2020\/wp-content\/uploads\/1D240299-800x572.jpg 800w, https:\/\/www.colaistedaibheid.ie\/wp_cd_2020\/wp-content\/uploads\/1D240299-768x549.jpg 768w, https:\/\/www.colaistedaibheid.ie\/wp_cd_2020\/wp-content\/uploads\/1D240299.jpg 1100w\" sizes=\"(max-width: 800px) 100vw, 800px\" \/><\/a><figcaption id=\"caption-attachment-1779\" class=\"wp-caption-text\">REPRO FREE.<br \/>22\/05\/2018<br \/>Col\u00e0iste Daibh\u00e8id Annual Awards, Gradaim na Scoile, at the Clayton Hotel Cork City, Lapps Quay, Cork.<br \/>Picture: Jim Coughlan.<\/figcaption><\/figure>\n<figure id=\"attachment_1780\" aria-describedby=\"caption-attachment-1780\" style=\"width: 800px\" class=\"wp-caption aligncenter\"><a href=\"http:\/\/www.colaistedaibheid.ie\/wp_cd_2020\/wp-content\/uploads\/1D240305.jpg\"><img loading=\"lazy\" decoding=\"async\" data-id=\"1780\"  src=\"http:\/\/www.colaistedaibheid.ie\/wp_cd_2020\/wp-content\/uploads\/1D240305-800x509.jpg\" alt=\"REPRO FREE. 22\/05\/2018 Col\u00e0iste Daibh\u00e8id Annual Awards, Gradaim na Scoile, at the Clayton Hotel Cork City, Lapps Quay, Cork. Picture: Jim Coughlan.\" width=\"800\" height=\"509\" class=\"size-medium wp-image-1780\" srcset=\"https:\/\/www.colaistedaibheid.ie\/wp_cd_2020\/wp-content\/uploads\/1D240305-800x509.jpg 800w, https:\/\/www.colaistedaibheid.ie\/wp_cd_2020\/wp-content\/uploads\/1D240305-768x489.jpg 768w, https:\/\/www.colaistedaibheid.ie\/wp_cd_2020\/wp-content\/uploads\/1D240305.jpg 1100w\" sizes=\"(max-width: 800px) 100vw, 800px\" \/><\/a><figcaption id=\"caption-attachment-1780\" class=\"wp-caption-text\">REPRO FREE.<br \/>22\/05\/2018<br \/>Col\u00e0iste Daibh\u00e8id Annual Awards, Gradaim na Scoile, at the Clayton Hotel Cork City, Lapps Quay, Cork.<br \/>Picture: Jim Coughlan.<\/figcaption><\/figure>\n<figure id=\"attachment_1781\" aria-describedby=\"caption-attachment-1781\" style=\"width: 800px\" class=\"wp-caption aligncenter\"><a href=\"http:\/\/www.colaistedaibheid.ie\/wp_cd_2020\/wp-content\/uploads\/JC2018ColaisteDaibheidAWards01.jpg\"><img loading=\"lazy\" decoding=\"async\" data-id=\"1781\"  src=\"http:\/\/www.colaistedaibheid.ie\/wp_cd_2020\/wp-content\/uploads\/JC2018ColaisteDaibheidAWards01-800x549.jpg\" alt=\"REPRO FREE. 22\/05\/2018 Tadhg \u00d2 Laighin, Principal Col\u00e0iste Daibh\u00e8id, presents Rowan Eliot, 6th year with the Gradam Daibh\u00e8id Award. Col\u00e0iste Daibh\u00e8id Annual Awards, Gradaim na Scoile, at the Clayton Hotel Cork City, Lapps Quay, Cork. Picture: Jim Coughlan.\" width=\"800\" height=\"549\" class=\"size-medium wp-image-1781\" srcset=\"https:\/\/www.colaistedaibheid.ie\/wp_cd_2020\/wp-content\/uploads\/JC2018ColaisteDaibheidAWards01-800x549.jpg 800w, https:\/\/www.colaistedaibheid.ie\/wp_cd_2020\/wp-content\/uploads\/JC2018ColaisteDaibheidAWards01-768x527.jpg 768w, https:\/\/www.colaistedaibheid.ie\/wp_cd_2020\/wp-content\/uploads\/JC2018ColaisteDaibheidAWards01.jpg 1100w\" sizes=\"(max-width: 800px) 100vw, 800px\" \/><\/a><figcaption id=\"caption-attachment-1781\" class=\"wp-caption-text\">REPRO FREE.<br \/>22\/05\/2018<br \/>Tadhg \u00d2 Laighin, Principal Col\u00e0iste Daibh\u00e8id, presents Rowan Eliot, 6th year with the Gradam Daibh\u00e8id Award.<br \/>Col\u00e0iste Daibh\u00e8id Annual Awards, Gradaim na Scoile, at the Clayton Hotel Cork City, Lapps Quay, Cork.<br \/>Picture: Jim Coughlan.<\/figcaption><\/figure>\n<figure id=\"attachment_1782\" aria-describedby=\"caption-attachment-1782\" style=\"width: 800px\" class=\"wp-caption aligncenter\"><a href=\"http:\/\/www.colaistedaibheid.ie\/wp_cd_2020\/wp-content\/uploads\/JC2018ColaisteDaibheidAWards02-1.jpg\"><img loading=\"lazy\" decoding=\"async\" data-id=\"1782\"  src=\"http:\/\/www.colaistedaibheid.ie\/wp_cd_2020\/wp-content\/uploads\/JC2018ColaisteDaibheidAWards02-1-800x421.jpg\" alt=\"REPRO FREE. 22\/05\/2018 2018 Col\u00e0iste Daibh\u00e8id Award winners with Tadhg \u00d2 Laighin, Principal, M\u00e0ire U\u00ec Bhriain, Chairperson Board of Management and P\u00f2l \u00d2 S\u00ecodhch\u00e0in, Deputy Principal. Col\u00e0iste Daibh\u00e8id Annual Awards, Gradaim na Scoile, at the Clayton Hotel Cork City, Lapps Quay, Cork. Picture: Jim Coughlan.\" width=\"800\" height=\"421\" class=\"size-medium wp-image-1782\" srcset=\"https:\/\/www.colaistedaibheid.ie\/wp_cd_2020\/wp-content\/uploads\/JC2018ColaisteDaibheidAWards02-1-800x421.jpg 800w, https:\/\/www.colaistedaibheid.ie\/wp_cd_2020\/wp-content\/uploads\/JC2018ColaisteDaibheidAWards02-1-768x404.jpg 768w, https:\/\/www.colaistedaibheid.ie\/wp_cd_2020\/wp-content\/uploads\/JC2018ColaisteDaibheidAWards02-1.jpg 1100w\" sizes=\"(max-width: 800px) 100vw, 800px\" \/><\/a><figcaption id=\"caption-attachment-1782\" class=\"wp-caption-text\">REPRO FREE.<br \/>22\/05\/2018<br \/>2018 Col\u00e0iste Daibh\u00e8id Award winners with Tadhg \u00d2 Laighin, Principal, M\u00e0ire U\u00ec Bhriain, Chairperson Board of Management and P\u00f2l \u00d2 S\u00ecodhch\u00e0in, Deputy Principal.<br \/>Col\u00e0iste Daibh\u00e8id Annual Awards, Gradaim na Scoile, at the Clayton Hotel Cork City, Lapps Quay, Cork.<br \/>Picture: Jim Coughlan.<\/figcaption><\/figure>\n<figure id=\"attachment_1783\" aria-describedby=\"caption-attachment-1783\" style=\"width: 800px\" class=\"wp-caption aligncenter\"><a href=\"http:\/\/www.colaistedaibheid.ie\/wp_cd_2020\/wp-content\/uploads\/JC2018ColaisteDaibheidAWards03.jpg\"><img loading=\"lazy\" decoding=\"async\" data-id=\"1783\"  src=\"http:\/\/www.colaistedaibheid.ie\/wp_cd_2020\/wp-content\/uploads\/JC2018ColaisteDaibheidAWards03-800x527.jpg\" alt=\"REPRO FREE. 22\/05\/2018 Erin Nic Suibhne, 5th Year Student of the Year and Andrew MacChoitir, 2nd Year Student of the Year, with their awards. Col\u00e0iste Daibh\u00e8id Annual Awards, Gradaim na Scoile, at the Clayton Hotel Cork City, Lapps Quay, Cork. Picture: Jim Coughlan.\" width=\"800\" height=\"527\" class=\"size-medium wp-image-1783\" srcset=\"https:\/\/www.colaistedaibheid.ie\/wp_cd_2020\/wp-content\/uploads\/JC2018ColaisteDaibheidAWards03-800x527.jpg 800w, https:\/\/www.colaistedaibheid.ie\/wp_cd_2020\/wp-content\/uploads\/JC2018ColaisteDaibheidAWards03-768x505.jpg 768w, https:\/\/www.colaistedaibheid.ie\/wp_cd_2020\/wp-content\/uploads\/JC2018ColaisteDaibheidAWards03.jpg 1100w\" sizes=\"(max-width: 800px) 100vw, 800px\" \/><\/a><figcaption id=\"caption-attachment-1783\" class=\"wp-caption-text\">REPRO FREE.<br \/>22\/05\/2018<br \/>Erin Nic Suibhne, 5th Year Student of the Year and Andrew MacChoitir, 2nd Year Student of the Year, with their awards.<br \/>Col\u00e0iste Daibh\u00e8id Annual Awards, Gradaim na Scoile, at the Clayton Hotel Cork City, Lapps Quay, Cork.<br \/>Picture: Jim Coughlan.<\/figcaption><\/figure>\n<figure id=\"attachment_1784\" aria-describedby=\"caption-attachment-1784\" style=\"width: 800px\" class=\"wp-caption aligncenter\"><a href=\"http:\/\/www.colaistedaibheid.ie\/wp_cd_2020\/wp-content\/uploads\/JC2018ColaisteDaibheidAWards04.jpg\"><img loading=\"lazy\" decoding=\"async\" data-id=\"1784\"  src=\"http:\/\/www.colaistedaibheid.ie\/wp_cd_2020\/wp-content\/uploads\/JC2018ColaisteDaibheidAWards04-800x502.jpg\" alt=\"REPRO FREE. 22\/05\/2018 Roisin N\u00ec Dheas\u00f9naigh, 4th Year Student of the Year and C\u00e0it N\u00ec Drisceoil, 3rd Year Student of the Year, with their awards. Col\u00e0iste Daibh\u00e8id Annual Awards, Gradaim na Scoile, at the Clayton Hotel Cork City, Lapps Quay, Cork. Picture: Jim Coughlan.\" width=\"800\" height=\"502\" class=\"size-medium wp-image-1784\" srcset=\"https:\/\/www.colaistedaibheid.ie\/wp_cd_2020\/wp-content\/uploads\/JC2018ColaisteDaibheidAWards04-800x502.jpg 800w, https:\/\/www.colaistedaibheid.ie\/wp_cd_2020\/wp-content\/uploads\/JC2018ColaisteDaibheidAWards04-768x482.jpg 768w, https:\/\/www.colaistedaibheid.ie\/wp_cd_2020\/wp-content\/uploads\/JC2018ColaisteDaibheidAWards04.jpg 1100w\" sizes=\"(max-width: 800px) 100vw, 800px\" \/><\/a><figcaption id=\"caption-attachment-1784\" class=\"wp-caption-text\">REPRO FREE.<br \/>22\/05\/2018<br \/>Roisin N\u00ec Dheas\u00f9naigh, 4th Year Student of the Year and C\u00e0it N\u00ec Drisceoil, 3rd Year Student of the Year, with their awards.<br \/>Col\u00e0iste Daibh\u00e8id Annual Awards, Gradaim na Scoile, at the Clayton Hotel Cork City, Lapps Quay, Cork.<br \/>Picture: Jim Coughlan.<\/figcaption><\/figure>\n<figure id=\"attachment_1785\" aria-describedby=\"caption-attachment-1785\" style=\"width: 800px\" class=\"wp-caption aligncenter\"><a href=\"http:\/\/www.colaistedaibheid.ie\/wp_cd_2020\/wp-content\/uploads\/JC2018ColaisteDaibheidAWards05.jpg\"><img loading=\"lazy\" decoding=\"async\" data-id=\"1785\"  src=\"http:\/\/www.colaistedaibheid.ie\/wp_cd_2020\/wp-content\/uploads\/JC2018ColaisteDaibheidAWards05-800x531.jpg\" alt=\"REPRO FREE. 22\/05\/2018 Thomas Mac\u00c0irt\u00e0in, 6th Year Student of the Year and Cian \u00d2 Floinn, 1st Year Student of the Year, with their awards. Col\u00e0iste Daibh\u00e8id Annual Awards, Gradaim na Scoile, at the Clayton Hotel Cork City, Lapps Quay, Cork. Picture: Jim Coughlan.\" width=\"800\" height=\"531\" class=\"size-medium wp-image-1785\" srcset=\"https:\/\/www.colaistedaibheid.ie\/wp_cd_2020\/wp-content\/uploads\/JC2018ColaisteDaibheidAWards05-800x531.jpg 800w, https:\/\/www.colaistedaibheid.ie\/wp_cd_2020\/wp-content\/uploads\/JC2018ColaisteDaibheidAWards05-768x510.jpg 768w, https:\/\/www.colaistedaibheid.ie\/wp_cd_2020\/wp-content\/uploads\/JC2018ColaisteDaibheidAWards05-272x182.jpg 272w, https:\/\/www.colaistedaibheid.ie\/wp_cd_2020\/wp-content\/uploads\/JC2018ColaisteDaibheidAWards05.jpg 1100w\" sizes=\"(max-width: 800px) 100vw, 800px\" \/><\/a><figcaption id=\"caption-attachment-1785\" class=\"wp-caption-text\">REPRO FREE.<br \/>22\/05\/2018<br \/>Thomas Mac\u00c0irt\u00e0in, 6th Year Student of the Year and Cian \u00d2 Floinn, 1st Year Student of the Year, with their awards.<br \/>Col\u00e0iste Daibh\u00e8id Annual Awards, Gradaim na Scoile, at the Clayton Hotel Cork City, Lapps Quay, Cork.<br \/>Picture: Jim Coughlan.<\/figcaption><\/figure>\n<figure id=\"attachment_1786\" aria-describedby=\"caption-attachment-1786\" style=\"width: 800px\" class=\"wp-caption aligncenter\"><a href=\"http:\/\/www.colaistedaibheid.ie\/wp_cd_2020\/wp-content\/uploads\/JC2018ColaisteDaibheidAWards06.jpg\"><img loading=\"lazy\" decoding=\"async\" data-id=\"1786\"  src=\"http:\/\/www.colaistedaibheid.ie\/wp_cd_2020\/wp-content\/uploads\/JC2018ColaisteDaibheidAWards06-800x516.jpg\" alt=\"REPRO FREE. 22\/05\/2018 2018 Col\u00e0iste Daibh\u00e8id Student of the Year Award winners, Erin Nic Suibhne, Andrew MacChoitir, Cian O Floinn, Thomas MacAirtain, Roisin Ni Dheasunaigh, Cait Ni Drisceoil, with Tadhg \u00d2 Laighin, Principal, M\u00e0ire U\u00ec Bhriain, Chairperson Board of Management and P\u00f2l \u00d2 S\u00ecodhch\u00e0in, Deputy Principal. Col\u00e0iste Daibh\u00e8id Annual Awards, Gradaim na Scoile, at the Clayton Hotel Cork City, Lapps Quay, Cork. Picture: Jim Coughlan.\" width=\"800\" height=\"516\" class=\"size-medium wp-image-1786\" srcset=\"https:\/\/www.colaistedaibheid.ie\/wp_cd_2020\/wp-content\/uploads\/JC2018ColaisteDaibheidAWards06-800x516.jpg 800w, https:\/\/www.colaistedaibheid.ie\/wp_cd_2020\/wp-content\/uploads\/JC2018ColaisteDaibheidAWards06-768x495.jpg 768w, https:\/\/www.colaistedaibheid.ie\/wp_cd_2020\/wp-content\/uploads\/JC2018ColaisteDaibheidAWards06.jpg 1100w\" sizes=\"(max-width: 800px) 100vw, 800px\" \/><\/a><figcaption id=\"caption-attachment-1786\" class=\"wp-caption-text\">REPRO FREE.<br \/>22\/05\/2018<br \/>2018 Col\u00e0iste Daibh\u00e8id Student of the Year Award winners, Erin Nic Suibhne, Andrew MacChoitir, Cian O Floinn, Thomas MacAirtain, Roisin Ni Dheasunaigh, Cait Ni Drisceoil, with Tadhg \u00d2 Laighin, Principal, M\u00e0ire U\u00ec Bhriain, Chairperson Board of Management and P\u00f2l \u00d2 S\u00ecodhch\u00e0in, Deputy Principal.<br \/>Col\u00e0iste Daibh\u00e8id Annual Awards, Gradaim na Scoile, at the Clayton Hotel Cork City, Lapps Quay, Cork.<br \/>Picture: Jim Coughlan.<\/figcaption><\/figure>\n","protected":false},"excerpt":{"rendered":"<p>Bh\u00ed \u00f3c\u00e1id uile-scoile an-taitneamhach againn ar an 22\u00fa Bealtaine. Eagra\u00edodh Gradaim na Scoile san \u00d3st\u00e1n Clayton i gCathair Chorca\u00ed. D&#8217;fhreastal na dalta\u00ed agus m\u00fainteoir\u00ed ar fad, chomh maith le roinnt tuismitheoir\u00ed uirthi. Bh\u00ed M\u00e1ire Bn. U\u00ed Bhriain, Cathaoirleach an Bhord Bainist\u00edochta i l\u00e1thair freisin agus bhronn s\u00ed a duais fh\u00e9in, Gradam U\u00ed Bhriain, &#8216;An Tine [&hellip;]<\/p>\n","protected":false},"author":1,"featured_media":1782,"comment_status":"closed","ping_status":"closed","sticky":false,"template":"","format":"standard","meta":{"site-sidebar-layout":"default","site-content-layout":"","ast-site-content-layout":"default","site-content-style":"default","site-sidebar-style":"default","ast-global-header-display":"","ast-banner-title-visibility":"","ast-main-header-display":"","ast-hfb-above-header-display":"","ast-hfb-below-header-display":"","ast-hfb-mobile-header-display":"","site-post-title":"","ast-breadcrumbs-content":"","ast-featured-img":"","footer-sml-layout":"","ast-disable-related-posts":"","theme-transparent-header-meta":"","adv-header-id-meta":"","stick-header-meta":"","header-above-stick-meta":"","header-main-stick-meta":"","header-below-stick-meta":"","astra-migrate-meta-layouts":"default","ast-page-background-enabled":"default","ast-page-background-meta":{"desktop":{"background-color":"","background-image":"","background-repeat":"repeat","background-position":"center center","background-size":"auto","background-attachment":"scroll","background-type":"","background-media":"","overlay-type":"","overlay-color":"","overlay-opacity":"","overlay-gradient":""},"tablet":{"background-color":"","background-image":"","background-repeat":"repeat","background-position":"center center","background-size":"auto","background-attachment":"scroll","background-type":"","background-media":"","overlay-type":"","overlay-color":"","overlay-opacity":"","overlay-gradient":""},"mobile":{"background-color":"","background-image":"","background-repeat":"repeat","background-position":"center center","background-size":"auto","background-attachment":"scroll","background-type":"","background-media":"","overlay-type":"","overlay-color":"","overlay-opacity":"","overlay-gradient":""}},"ast-content-background-meta":{"desktop":{"background-color":"var(--ast-global-color-5)","background-image":"","background-repeat":"repeat","background-position":"center center","background-size":"auto","background-attachment":"scroll","background-type":"","background-media":"","overlay-type":"","overlay-color":"","overlay-opacity":"","overlay-gradient":""},"tablet":{"background-color":"var(--ast-global-color-5)","background-image":"","background-repeat":"repeat","background-position":"center center","background-size":"auto","background-attachment":"scroll","background-type":"","background-media":"","overlay-type":"","overlay-color":"","overlay-opacity":"","overlay-gradient":""},"mobile":{"background-color":"var(--ast-global-color-5)","background-image":"","background-repeat":"repeat","background-position":"center center","background-size":"auto","background-attachment":"scroll","background-type":"","background-media":"","overlay-type":"","overlay-color":"","overlay-opacity":"","overlay-gradient":""}},"footnotes":""},"categories":[6,1],"tags":[],"class_list":["post-1759","post","type-post","status-publish","format-standard","has-post-thumbnail","hentry","category-cuimhni-scoile","category-nuacht"],"publishpress_future_action":{"enabled":false,"date":"2026-05-09 09:34:46","action":"change-status","newStatus":"draft","terms":[],"taxonomy":"category","extraData":[]},"publishpress_future_workflow_manual_trigger":{"enabledWorkflows":[]},"_links":{"self":[{"href":"https:\/\/www.colaistedaibheid.ie\/wp_cd_2020\/wp-json\/wp\/v2\/posts\/1759","targetHints":{"allow":["GET"]}}],"collection":[{"href":"https:\/\/www.colaistedaibheid.ie\/wp_cd_2020\/wp-json\/wp\/v2\/posts"}],"about":[{"href":"https:\/\/www.colaistedaibheid.ie\/wp_cd_2020\/wp-json\/wp\/v2\/types\/post"}],"author":[{"embeddable":true,"href":"https:\/\/www.colaistedaibheid.ie\/wp_cd_2020\/wp-json\/wp\/v2\/users\/1"}],"replies":[{"embeddable":true,"href":"https:\/\/www.colaistedaibheid.ie\/wp_cd_2020\/wp-json\/wp\/v2\/comments?post=1759"}],"version-history":[{"count":1,"href":"https:\/\/www.colaistedaibheid.ie\/wp_cd_2020\/wp-json\/wp\/v2\/posts\/1759\/revisions"}],"predecessor-version":[{"id":1787,"href":"https:\/\/www.colaistedaibheid.ie\/wp_cd_2020\/wp-json\/wp\/v2\/posts\/1759\/revisions\/1787"}],"wp:featuredmedia":[{"embeddable":true,"href":"https:\/\/www.colaistedaibheid.ie\/wp_cd_2020\/wp-json\/wp\/v2\/media\/1782"}],"wp:attachment":[{"href":"https:\/\/www.colaistedaibheid.ie\/wp_cd_2020\/wp-json\/wp\/v2\/media?parent=1759"}],"wp:term":[{"taxonomy":"category","embeddable":true,"href":"https:\/\/www.colaistedaibheid.ie\/wp_cd_2020\/wp-json\/wp\/v2\/categories?post=1759"},{"taxonomy":"post_tag","embeddable":true,"href":"https:\/\/www.colaistedaibheid.ie\/wp_cd_2020\/wp-json\/wp\/v2\/tags?post=1759"}],"curies":[{"name":"wp","href":"https:\/\/api.w.org\/{rel}","templated":true}]}}