{"id":1501,"date":"2017-03-01T09:44:56","date_gmt":"2017-03-01T09:44:56","guid":{"rendered":"http:\/\/www.colaistedaibheid.ie\/?p=1501"},"modified":"2017-03-01T13:10:40","modified_gmt":"2017-03-01T13:10:40","slug":"colaiste-daibheid-pairteach-i-dtionscadal-tras-eorpach","status":"publish","type":"post","link":"https:\/\/www.colaistedaibheid.ie\/wp_cd_2020\/colaiste-daibheid-pairteach-i-dtionscadal-tras-eorpach\/","title":{"rendered":"Col\u00e1iste Daibh\u00e9id p\u00e1irteach i dtionscadal tras-Eorpach"},"content":{"rendered":"<p><a href=\"http:\/\/www.colaistedaibheid.ie\/wp_cd_2020\/wp-content\/uploads\/Student-Voice-2.jpg\"><img decoding=\"async\" data-id=\"1503\"  src=\"http:\/\/www.colaistedaibheid.ie\/wp_cd_2020\/wp-content\/uploads\/Student-Voice-2.jpg\" alt=\"Student Voice 2\" width=\"260\" height=\"47\" class=\"aligncenter size-full wp-image-1503\" \/><\/a><\/p>\n<p>Is c\u00fais \u00e1thais don scoil \u00ed a bheith p\u00e1irteach i dtionscadal tras-Eorpach \u2018Student Voice-The Bridge to Learning\u2019.  I gcomhp\u00e1irt le 4 th\u00edr Eorpach eile, An Albain, An Ung\u00e1ir, an tSl\u00f3v\u00e9in agus an \u00cdsealt\u00edr, is \u00ed adihm an tionscadal nua seo n\u00e1 rannph\u00e1irt\u00edocht na scol\u00e1ir\u00ed ina gcuid foghlama a ard\u00fa.  Deinfidh siad \u00e9 seo go comoibritheach agus t\u00e1thar ag s\u00fail go dtiocfaidh feabhas ar a gcuid idirghn\u00edomhachta lena gcuid foghlama f\u00e9in thar tr\u00e9imhse an tionscadail.  Mairfidh s\u00e9 ar feadh tr\u00ed bliana agus t\u00e1 Col\u00e1iste Daibh\u00e9id an-s\u00e1sta an infheist\u00edocht ama sin a dheineamh.  Is iad M\u00e1istir \u00d3 S\u00edodhch\u00e1in (Pr\u00edomhoide T\u00e1naisteach), In\u00edon U\u00ed Loingsigh agus M\u00e1istir \u00d3 Finn na m\u00fainteoir\u00ed at\u00e1 ag glacadh p\u00e1irte ann ar son na scoile.  Beidh an-tairbhe len\u00e1r gcuid oibre \u00f3 thaobh scileanna na Sraithe S\u00f3iseara\u00ed de.  T\u00e1imid ag s\u00fail go m\u00f3r le bualadh len\u00e1r bpairtn\u00e9ir\u00ed Eorpacha i gCaisl\u00e9an \u00c1tha Cliath i m\u00ed na Nollag 2017.  Ar aghaidh linn le ch\u00e9ile.<\/p>\n<p>Col\u00e1iste Daibh\u00e9id is delighted to announce our participation in a pan-European project, \u2018Student Voice-The Bridge to Learning\u2019.  In partnership with schools in four other European countries, Scotland, Hungary, Slovenia and the Netherlands, the aim of the project is to empower students to participate meaningfully in their own learning.  This will be a collaborative appraoch to improving students\u2019 experience of school and encouraging their engagement in learning.  The project will last for three years and Col\u00e1iste Daibh\u00e9id has committed to it for this period.  M\u00e1istir \u00d3 S\u00edodhch\u00e1in (Deputy Principal), In\u00edon U\u00ed Loingsigh and M\u00e1istir \u00d3 Finn are the teachers involved on behalf of the school.  Our work will benfit the introduction of the new key skills for Junior Cycle.  We are very much looking forward to meeting our European partners in Dublin Castle in December 2017.  Ar aghaidh linn le ch\u00e9ile!<\/p>\n<p><a href=\"http:\/\/www.colaistedaibheid.ie\/wp_cd_2020\/wp-content\/uploads\/Student-Voice-1.jpg\"><img fetchpriority=\"high\" decoding=\"async\" data-id=\"1502\"  src=\"http:\/\/www.colaistedaibheid.ie\/wp_cd_2020\/wp-content\/uploads\/Student-Voice-1-800x431.jpg\" alt=\"Student Voice 1\" width=\"800\" height=\"431\" class=\"aligncenter size-medium wp-image-1502\" srcset=\"https:\/\/www.colaistedaibheid.ie\/wp_cd_2020\/wp-content\/uploads\/Student-Voice-1-800x431.jpg 800w, https:\/\/www.colaistedaibheid.ie\/wp_cd_2020\/wp-content\/uploads\/Student-Voice-1-768x413.jpg 768w, https:\/\/www.colaistedaibheid.ie\/wp_cd_2020\/wp-content\/uploads\/Student-Voice-1.jpg 834w\" sizes=\"(max-width: 800px) 100vw, 800px\" \/><\/a><\/p>\n","protected":false},"excerpt":{"rendered":"<p>Is c\u00fais \u00e1thais don scoil \u00ed a bheith p\u00e1irteach i dtionscadal tras-Eorpach \u2018Student Voice-The Bridge to Learning\u2019. I gcomhp\u00e1irt le 4 th\u00edr Eorpach eile, An Albain, An Ung\u00e1ir, an tSl\u00f3v\u00e9in agus an \u00cdsealt\u00edr, is \u00ed adihm an tionscadal nua seo n\u00e1 rannph\u00e1irt\u00edocht na scol\u00e1ir\u00ed ina gcuid foghlama a ard\u00fa. Deinfidh siad \u00e9 seo go comoibritheach [&hellip;]<\/p>\n","protected":false},"author":1,"featured_media":1502,"comment_status":"closed","ping_status":"closed","sticky":false,"template":"","format":"standard","meta":{"site-sidebar-layout":"default","site-content-layout":"","ast-site-content-layout":"default","site-content-style":"default","site-sidebar-style":"default","ast-global-header-display":"","ast-banner-title-visibility":"","ast-main-header-display":"","ast-hfb-above-header-display":"","ast-hfb-below-header-display":"","ast-hfb-mobile-header-display":"","site-post-title":"","ast-breadcrumbs-content":"","ast-featured-img":"","footer-sml-layout":"","ast-disable-related-posts":"","theme-transparent-header-meta":"","adv-header-id-meta":"","stick-header-meta":"","header-above-stick-meta":"","header-main-stick-meta":"","header-below-stick-meta":"","astra-migrate-meta-layouts":"default","ast-page-background-enabled":"default","ast-page-background-meta":{"desktop":{"background-color":"","background-image":"","background-repeat":"repeat","background-position":"center center","background-size":"auto","background-attachment":"scroll","background-type":"","background-media":"","overlay-type":"","overlay-color":"","overlay-opacity":"","overlay-gradient":""},"tablet":{"background-color":"","background-image":"","background-repeat":"repeat","background-position":"center center","background-size":"auto","background-attachment":"scroll","background-type":"","background-media":"","overlay-type":"","overlay-color":"","overlay-opacity":"","overlay-gradient":""},"mobile":{"background-color":"","background-image":"","background-repeat":"repeat","background-position":"center center","background-size":"auto","background-attachment":"scroll","background-type":"","background-media":"","overlay-type":"","overlay-color":"","overlay-opacity":"","overlay-gradient":""}},"ast-content-background-meta":{"desktop":{"background-color":"var(--ast-global-color-5)","background-image":"","background-repeat":"repeat","background-position":"center center","background-size":"auto","background-attachment":"scroll","background-type":"","background-media":"","overlay-type":"","overlay-color":"","overlay-opacity":"","overlay-gradient":""},"tablet":{"background-color":"var(--ast-global-color-5)","background-image":"","background-repeat":"repeat","background-position":"center center","background-size":"auto","background-attachment":"scroll","background-type":"","background-media":"","overlay-type":"","overlay-color":"","overlay-opacity":"","overlay-gradient":""},"mobile":{"background-color":"var(--ast-global-color-5)","background-image":"","background-repeat":"repeat","background-position":"center center","background-size":"auto","background-attachment":"scroll","background-type":"","background-media":"","overlay-type":"","overlay-color":"","overlay-opacity":"","overlay-gradient":""}},"footnotes":""},"categories":[1],"tags":[],"class_list":["post-1501","post","type-post","status-publish","format-standard","has-post-thumbnail","hentry","category-nuacht"],"publishpress_future_action":{"enabled":false,"date":"2026-05-02 09:38:06","action":"change-status","newStatus":"draft","terms":[],"taxonomy":"category","extraData":[]},"publishpress_future_workflow_manual_trigger":{"enabledWorkflows":[]},"_links":{"self":[{"href":"https:\/\/www.colaistedaibheid.ie\/wp_cd_2020\/wp-json\/wp\/v2\/posts\/1501","targetHints":{"allow":["GET"]}}],"collection":[{"href":"https:\/\/www.colaistedaibheid.ie\/wp_cd_2020\/wp-json\/wp\/v2\/posts"}],"about":[{"href":"https:\/\/www.colaistedaibheid.ie\/wp_cd_2020\/wp-json\/wp\/v2\/types\/post"}],"author":[{"embeddable":true,"href":"https:\/\/www.colaistedaibheid.ie\/wp_cd_2020\/wp-json\/wp\/v2\/users\/1"}],"replies":[{"embeddable":true,"href":"https:\/\/www.colaistedaibheid.ie\/wp_cd_2020\/wp-json\/wp\/v2\/comments?post=1501"}],"version-history":[{"count":3,"href":"https:\/\/www.colaistedaibheid.ie\/wp_cd_2020\/wp-json\/wp\/v2\/posts\/1501\/revisions"}],"predecessor-version":[{"id":1506,"href":"https:\/\/www.colaistedaibheid.ie\/wp_cd_2020\/wp-json\/wp\/v2\/posts\/1501\/revisions\/1506"}],"wp:featuredmedia":[{"embeddable":true,"href":"https:\/\/www.colaistedaibheid.ie\/wp_cd_2020\/wp-json\/wp\/v2\/media\/1502"}],"wp:attachment":[{"href":"https:\/\/www.colaistedaibheid.ie\/wp_cd_2020\/wp-json\/wp\/v2\/media?parent=1501"}],"wp:term":[{"taxonomy":"category","embeddable":true,"href":"https:\/\/www.colaistedaibheid.ie\/wp_cd_2020\/wp-json\/wp\/v2\/categories?post=1501"},{"taxonomy":"post_tag","embeddable":true,"href":"https:\/\/www.colaistedaibheid.ie\/wp_cd_2020\/wp-json\/wp\/v2\/tags?post=1501"}],"curies":[{"name":"wp","href":"https:\/\/api.w.org\/{rel}","templated":true}]}}