{"id":1454,"date":"2016-12-16T09:05:11","date_gmt":"2016-12-16T09:05:11","guid":{"rendered":"http:\/\/www.colaistedaibheid.ie\/?p=1454"},"modified":"2017-01-17T13:18:33","modified_gmt":"2017-01-17T13:18:33","slug":"ceolchoirm-seo-linn","status":"publish","type":"post","link":"https:\/\/www.colaistedaibheid.ie\/wp_cd_2020\/ceolchoirm-seo-linn\/","title":{"rendered":"Ceolchoirm &#8216;Seo Linn&#8217;"},"content":{"rendered":"<p>Th\u00e1inig an gr\u00fapa ceoil \u00c9ireananch, &#8216;Seo Linn&#8217;, chuig an scoil D\u00e9ardaoin 15\u00fa Nollaig chun ceolchoirm a dehineamh d\u00fainn.  Tharla s\u00e9 os comhair na scoile ar fad san Amharchlann Curtis i Scoil Cheoil Chorca\u00ed.  \u00d3c\u00e1id spraoi\u00fail thaitneamhach a bh\u00ed ann d\u00fainn ar fad.  Bh\u00ed ceolt\u00f3ir\u00ed na scoile ag cleachtadh chuige le roinnt seachtain\u00ed anuas agus fuaireadair deis seinnte ar an st\u00e1itse le Seo Linn.  Bh\u00ed baill an ghr\u00fapa an-th\u00f3gtha le caighde\u00e1n an cheoil i gCol\u00e1iste Daibh\u00e9id.  T\u00e1imid tar a bheith bu\u00edoch d&#8217;In\u00edon U\u00ed Bhreac\u00e1in as ucht an eagr\u00fach\u00e1in ar fad.<\/p>\n<p>The Irish music group &#8216;Seo Linn&#8217; came to perform in the school on Thursday December 15th 2016.  The concert was held in front of the whole school in the Curtis Auditorium in the Cork School of Music.  It was a very enjoyable event for us all!  Our school musicians had been practicing for weeks beforehand and were very appreciative of their opportunity to perform on stage with Seo Linn.  The band members were very impressed with the standard of music in Col\u00e1iste Daibh\u00e9id.  We are very grateful to In\u00edon U\u00ed Bhreac\u00e1in for all her work in organising the event.<\/p>\n<p><a href=\"http:\/\/www.colaistedaibheid.ie\/wp_cd_2020\/wp-content\/uploads\/2016-12-15-18.29.32.jpg\"><img fetchpriority=\"high\" decoding=\"async\" data-id=\"1459\"  src=\"http:\/\/www.colaistedaibheid.ie\/wp_cd_2020\/wp-content\/uploads\/2016-12-15-18.29.32-800x500.jpg\" alt=\"2016-12-15 18.29.32\" width=\"800\" height=\"500\" class=\"aligncenter size-medium wp-image-1459\" srcset=\"https:\/\/www.colaistedaibheid.ie\/wp_cd_2020\/wp-content\/uploads\/2016-12-15-18.29.32-800x500.jpg 800w, https:\/\/www.colaistedaibheid.ie\/wp_cd_2020\/wp-content\/uploads\/2016-12-15-18.29.32-768x480.jpg 768w, https:\/\/www.colaistedaibheid.ie\/wp_cd_2020\/wp-content\/uploads\/2016-12-15-18.29.32-1200x750.jpg 1200w, https:\/\/www.colaistedaibheid.ie\/wp_cd_2020\/wp-content\/uploads\/2016-12-15-18.29.32.jpg 1419w\" sizes=\"(max-width: 800px) 100vw, 800px\" \/><\/a><\/p>\n<p><a href=\"http:\/\/www.colaistedaibheid.ie\/wp_cd_2020\/wp-content\/uploads\/2016-12-19-20.34.03.jpg\"><img decoding=\"async\" data-id=\"1457\"  src=\"http:\/\/www.colaistedaibheid.ie\/wp_cd_2020\/wp-content\/uploads\/2016-12-19-20.34.03-779x700.jpg\" alt=\"2016-12-19 20.34.03\" width=\"779\" height=\"700\" class=\"aligncenter size-medium wp-image-1457\" srcset=\"https:\/\/www.colaistedaibheid.ie\/wp_cd_2020\/wp-content\/uploads\/2016-12-19-20.34.03-779x700.jpg 779w, https:\/\/www.colaistedaibheid.ie\/wp_cd_2020\/wp-content\/uploads\/2016-12-19-20.34.03-768x690.jpg 768w, https:\/\/www.colaistedaibheid.ie\/wp_cd_2020\/wp-content\/uploads\/2016-12-19-20.34.03-1200x1078.jpg 1200w, https:\/\/www.colaistedaibheid.ie\/wp_cd_2020\/wp-content\/uploads\/2016-12-19-20.34.03.jpg 1901w\" sizes=\"(max-width: 779px) 100vw, 779px\" \/><\/a><\/p>\n<p><a href=\"http:\/\/www.colaistedaibheid.ie\/wp_cd_2020\/wp-content\/uploads\/2016-12-19-20.34.23.jpg\"><img decoding=\"async\" data-id=\"1456\"  src=\"http:\/\/www.colaistedaibheid.ie\/wp_cd_2020\/wp-content\/uploads\/2016-12-19-20.34.23-617x700.jpg\" alt=\"2016-12-19 20.34.23\" width=\"617\" height=\"700\" class=\"aligncenter size-medium wp-image-1456\" srcset=\"https:\/\/www.colaistedaibheid.ie\/wp_cd_2020\/wp-content\/uploads\/2016-12-19-20.34.23-617x700.jpg 617w, https:\/\/www.colaistedaibheid.ie\/wp_cd_2020\/wp-content\/uploads\/2016-12-19-20.34.23-768x871.jpg 768w, https:\/\/www.colaistedaibheid.ie\/wp_cd_2020\/wp-content\/uploads\/2016-12-19-20.34.23-1058x1200.jpg 1058w\" sizes=\"(max-width: 617px) 100vw, 617px\" \/><\/a><\/p>\n","protected":false},"excerpt":{"rendered":"<p>Th\u00e1inig an gr\u00fapa ceoil \u00c9ireananch, &#8216;Seo Linn&#8217;, chuig an scoil D\u00e9ardaoin 15\u00fa Nollaig chun ceolchoirm a dehineamh d\u00fainn. Tharla s\u00e9 os comhair na scoile ar fad san Amharchlann Curtis i Scoil Cheoil Chorca\u00ed. \u00d3c\u00e1id spraoi\u00fail thaitneamhach a bh\u00ed ann d\u00fainn ar fad. Bh\u00ed ceolt\u00f3ir\u00ed na scoile ag cleachtadh chuige le roinnt seachtain\u00ed anuas agus fuaireadair [&hellip;]<\/p>\n","protected":false},"author":1,"featured_media":1457,"comment_status":"closed","ping_status":"closed","sticky":false,"template":"","format":"standard","meta":{"site-sidebar-layout":"default","site-content-layout":"","ast-site-content-layout":"default","site-content-style":"default","site-sidebar-style":"default","ast-global-header-display":"","ast-banner-title-visibility":"","ast-main-header-display":"","ast-hfb-above-header-display":"","ast-hfb-below-header-display":"","ast-hfb-mobile-header-display":"","site-post-title":"","ast-breadcrumbs-content":"","ast-featured-img":"","footer-sml-layout":"","ast-disable-related-posts":"","theme-transparent-header-meta":"","adv-header-id-meta":"","stick-header-meta":"","header-above-stick-meta":"","header-main-stick-meta":"","header-below-stick-meta":"","astra-migrate-meta-layouts":"default","ast-page-background-enabled":"default","ast-page-background-meta":{"desktop":{"background-color":"","background-image":"","background-repeat":"repeat","background-position":"center center","background-size":"auto","background-attachment":"scroll","background-type":"","background-media":"","overlay-type":"","overlay-color":"","overlay-opacity":"","overlay-gradient":""},"tablet":{"background-color":"","background-image":"","background-repeat":"repeat","background-position":"center center","background-size":"auto","background-attachment":"scroll","background-type":"","background-media":"","overlay-type":"","overlay-color":"","overlay-opacity":"","overlay-gradient":""},"mobile":{"background-color":"","background-image":"","background-repeat":"repeat","background-position":"center center","background-size":"auto","background-attachment":"scroll","background-type":"","background-media":"","overlay-type":"","overlay-color":"","overlay-opacity":"","overlay-gradient":""}},"ast-content-background-meta":{"desktop":{"background-color":"var(--ast-global-color-5)","background-image":"","background-repeat":"repeat","background-position":"center center","background-size":"auto","background-attachment":"scroll","background-type":"","background-media":"","overlay-type":"","overlay-color":"","overlay-opacity":"","overlay-gradient":""},"tablet":{"background-color":"var(--ast-global-color-5)","background-image":"","background-repeat":"repeat","background-position":"center center","background-size":"auto","background-attachment":"scroll","background-type":"","background-media":"","overlay-type":"","overlay-color":"","overlay-opacity":"","overlay-gradient":""},"mobile":{"background-color":"var(--ast-global-color-5)","background-image":"","background-repeat":"repeat","background-position":"center center","background-size":"auto","background-attachment":"scroll","background-type":"","background-media":"","overlay-type":"","overlay-color":"","overlay-opacity":"","overlay-gradient":""}},"footnotes":""},"categories":[6,1],"tags":[],"class_list":["post-1454","post","type-post","status-publish","format-standard","has-post-thumbnail","hentry","category-cuimhni-scoile","category-nuacht"],"publishpress_future_action":{"enabled":false,"date":"2026-05-02 09:39:45","action":"change-status","newStatus":"draft","terms":[],"taxonomy":"category","extraData":[]},"publishpress_future_workflow_manual_trigger":{"enabledWorkflows":[]},"_links":{"self":[{"href":"https:\/\/www.colaistedaibheid.ie\/wp_cd_2020\/wp-json\/wp\/v2\/posts\/1454","targetHints":{"allow":["GET"]}}],"collection":[{"href":"https:\/\/www.colaistedaibheid.ie\/wp_cd_2020\/wp-json\/wp\/v2\/posts"}],"about":[{"href":"https:\/\/www.colaistedaibheid.ie\/wp_cd_2020\/wp-json\/wp\/v2\/types\/post"}],"author":[{"embeddable":true,"href":"https:\/\/www.colaistedaibheid.ie\/wp_cd_2020\/wp-json\/wp\/v2\/users\/1"}],"replies":[{"embeddable":true,"href":"https:\/\/www.colaistedaibheid.ie\/wp_cd_2020\/wp-json\/wp\/v2\/comments?post=1454"}],"version-history":[{"count":2,"href":"https:\/\/www.colaistedaibheid.ie\/wp_cd_2020\/wp-json\/wp\/v2\/posts\/1454\/revisions"}],"predecessor-version":[{"id":1460,"href":"https:\/\/www.colaistedaibheid.ie\/wp_cd_2020\/wp-json\/wp\/v2\/posts\/1454\/revisions\/1460"}],"wp:featuredmedia":[{"embeddable":true,"href":"https:\/\/www.colaistedaibheid.ie\/wp_cd_2020\/wp-json\/wp\/v2\/media\/1457"}],"wp:attachment":[{"href":"https:\/\/www.colaistedaibheid.ie\/wp_cd_2020\/wp-json\/wp\/v2\/media?parent=1454"}],"wp:term":[{"taxonomy":"category","embeddable":true,"href":"https:\/\/www.colaistedaibheid.ie\/wp_cd_2020\/wp-json\/wp\/v2\/categories?post=1454"},{"taxonomy":"post_tag","embeddable":true,"href":"https:\/\/www.colaistedaibheid.ie\/wp_cd_2020\/wp-json\/wp\/v2\/tags?post=1454"}],"curies":[{"name":"wp","href":"https:\/\/api.w.org\/{rel}","templated":true}]}}